{"id":1675,"date":"2022-04-08T21:25:00","date_gmt":"2022-04-08T19:25:00","guid":{"rendered":"https:\/\/atelier-responsif.fr\/?p=1675"},"modified":"2023-11-08T21:53:45","modified_gmt":"2023-11-08T20:53:45","slug":"site-internet-ys-energies-marines-developpement-economie-bleue","status":"publish","type":"post","link":"https:\/\/atelier-responsif.fr\/index.php\/2022\/04\/08\/site-internet-ys-energies-marines-developpement-economie-bleue\/","title":{"rendered":"L&rsquo;Atelier Responsif r\u00e9alise le site internet de l&rsquo;entreprise YS \u00c9nergies Marines D\u00e9veloppement, qui \u0153uvre pour le d\u00e9veloppement des \u00e9nergies bleues issues de la force des vagues et des courants."},"content":{"rendered":"<p>[et_pb_section fb_built=\u00a0\u00bb1&Prime; _builder_version=\u00a0\u00bb4.17.4&Prime; _module_preset=\u00a0\u00bbdefault\u00a0\u00bb custom_padding=\u00a0\u00bb2px||0px|||\u00a0\u00bb global_colors_info=\u00a0\u00bb{}\u00a0\u00bb][et_pb_row _builder_version=\u00a0\u00bb4.17.4&Prime; _module_preset=\u00a0\u00bbdefault\u00a0\u00bb global_colors_info=\u00a0\u00bb{}\u00a0\u00bb][et_pb_column type=\u00a0\u00bb4_4&Prime; _builder_version=\u00a0\u00bb4.17.4&Prime; _module_preset=\u00a0\u00bbdefault\u00a0\u00bb global_colors_info=\u00a0\u00bb{}\u00a0\u00bb][et_pb_text _builder_version=\u00a0\u00bb4.17.4&Prime; _module_preset=\u00a0\u00bbdefault\u00a0\u00bb global_colors_info=\u00a0\u00bb{}\u00a0\u00bb]<\/p>\n<p><a href=\"http:\/\/www.ysemd.com\/\">YS~EMD<\/a><span>\u00a0est une entreprise de l\u2019<\/span><strong>\u00e9conomie bleue<\/strong><span>, bas\u00e9e \u00e0 Nantes, qui \u0153uvre, au travers de la mise en place de soci\u00e9t\u00e9s de projets locales, pour le <\/span><strong>d\u00e9veloppement des \u00e9nergies marines renouvelables<\/strong><span>, au moyen de technologies hydroliennes et houlomotrices qui exploitent l\u2019\u00e9nergie bleue des vagues et des courants. <\/span><\/p>\n<p>L\u2019Atelier Responsif a r\u00e9alis\u00e9 sous WordPress le\u00a0<strong>site en version bilingue (fran\u00e7ais et anglais).<\/strong><\/p>\n<p>[\/et_pb_text][\/et_pb_column][\/et_pb_row][\/et_pb_section][et_pb_section fb_built=\u00a0\u00bb1&Prime; _builder_version=\u00a0\u00bb4.17.4&Prime; _module_preset=\u00a0\u00bbdefault\u00a0\u00bb global_colors_info=\u00a0\u00bb{}\u00a0\u00bb][et_pb_row _builder_version=\u00a0\u00bb4.17.4&Prime; _module_preset=\u00a0\u00bbdefault\u00a0\u00bb global_colors_info=\u00a0\u00bb{}\u00a0\u00bb][et_pb_column type=\u00a0\u00bb4_4&Prime; _builder_version=\u00a0\u00bb4.17.4&Prime; _module_preset=\u00a0\u00bbdefault\u00a0\u00bb global_colors_info=\u00a0\u00bb{}\u00a0\u00bb][et_pb_button button_url=\u00a0\u00bbhttps:\/\/www.ysemd.com\/\u00a0\u00bb button_text=\u00a0\u00bbVoir le site internet de YS-EMD r\u00e9alis\u00e9 par l&rsquo;Atelier Responsif\u00a0\u00bb button_alignment=\u00a0\u00bbcenter\u00a0\u00bb _builder_version=\u00a0\u00bb4.17.4&Prime; _module_preset=\u00a0\u00bbdefault\u00a0\u00bb custom_button=\u00a0\u00bbon\u00a0\u00bb button_border_radius=\u00a0\u00bb63px\u00a0\u00bb global_colors_info=\u00a0\u00bb{}\u00a0\u00bb][\/et_pb_button][\/et_pb_column][\/et_pb_row][\/et_pb_section]<\/p>\n","protected":false},"excerpt":{"rendered":"<p>YS~EMD\u00a0est une entreprise de l\u2019\u00e9conomie bleue, bas\u00e9e \u00e0 Nantes, qui \u0153uvre, au travers de la mise en place de soci\u00e9t\u00e9s de projets locales, pour le d\u00e9veloppement des \u00e9nergies marines renouvelables, au moyen de technologies hydroliennes et houlomotrices qui exploitent l\u2019\u00e9nergie bleue des vagues et des courants. L\u2019Atelier Responsif a r\u00e9alis\u00e9 sous WordPress le\u00a0site en version [&hellip;]<\/p>\n","protected":false},"author":1,"featured_media":1678,"comment_status":"closed","ping_status":"open","sticky":false,"template":"","format":"standard","meta":{"_et_pb_use_builder":"on","_et_pb_old_content":"","_et_gb_content_width":"","inline_featured_image":false,"footnotes":""},"categories":[7,21],"tags":[],"class_list":["post-1675","post","type-post","status-publish","format-standard","has-post-thumbnail","hentry","category-actualite","category-communication"],"yoast_head":"<!-- This site is optimized with the Yoast SEO plugin v20.3 - https:\/\/yoast.com\/wordpress\/plugins\/seo\/ -->\n<title>L&#039;Atelier Responsif r\u00e9alise le site internet de l&#039;entreprise YS \u00c9nergies Marines D\u00e9veloppement, qui \u0153uvre pour le d\u00e9veloppement des \u00e9nergies bleues issues de la force des vagues et des courants. - L&#039;Atelier Responsif<\/title>\n<meta name=\"description\" content=\"L&#039;Atelier Responsif a r\u00e9alis\u00e9 le site internet bilingue (fran\u00e7ais - anglais) de l&#039;entreprise YS \u00c9nergies Marines D\u00e9veloppement qui \u0153uvre pour le d\u00e9veloppement des \u00e9nergies marines renouvelables, au moyen de technologies hydroliennes et houlomotrices qui exploitent l\u2019\u00e9nergie bleue des vagues et des courants.\" \/>\n<meta name=\"robots\" content=\"index, follow, max-snippet:-1, max-image-preview:large, max-video-preview:-1\" \/>\n<link rel=\"canonical\" href=\"https:\/\/atelier-responsif.fr\/index.php\/2022\/04\/08\/site-internet-ys-energies-marines-developpement-economie-bleue\/\" \/>\n<meta property=\"og:locale\" content=\"fr_FR\" \/>\n<meta property=\"og:type\" content=\"article\" \/>\n<meta property=\"og:title\" content=\"L&#039;Atelier Responsif r\u00e9alise le site internet de l&#039;entreprise YS \u00c9nergies Marines D\u00e9veloppement, qui \u0153uvre pour le d\u00e9veloppement des \u00e9nergies bleues issues de la force des vagues et des courants. - L&#039;Atelier Responsif\" \/>\n<meta property=\"og:description\" content=\"L&#039;Atelier Responsif a r\u00e9alis\u00e9 le site internet bilingue (fran\u00e7ais - anglais) de l&#039;entreprise YS \u00c9nergies Marines D\u00e9veloppement qui \u0153uvre pour le d\u00e9veloppement des \u00e9nergies marines renouvelables, au moyen de technologies hydroliennes et houlomotrices qui exploitent l\u2019\u00e9nergie bleue des vagues et des courants.\" \/>\n<meta property=\"og:url\" content=\"https:\/\/atelier-responsif.fr\/index.php\/2022\/04\/08\/site-internet-ys-energies-marines-developpement-economie-bleue\/\" \/>\n<meta property=\"og:site_name\" content=\"L&#039;Atelier Responsif\" \/>\n<meta property=\"article:published_time\" content=\"2022-04-08T19:25:00+00:00\" \/>\n<meta property=\"article:modified_time\" content=\"2023-11-08T20:53:45+00:00\" \/>\n<meta property=\"og:image\" content=\"https:\/\/atelier-responsif.fr\/wp-content\/uploads\/2023\/11\/Mockup-site-YS.png\" \/>\n\t<meta property=\"og:image:width\" content=\"2380\" \/>\n\t<meta property=\"og:image:height\" content=\"2000\" \/>\n\t<meta property=\"og:image:type\" content=\"image\/png\" \/>\n<meta name=\"author\" content=\"gaellecovo\" \/>\n<meta name=\"twitter:card\" content=\"summary_large_image\" \/>\n<meta name=\"twitter:creator\" content=\"@atelieresponsif\" \/>\n<meta name=\"twitter:site\" content=\"@atelieresponsif\" \/>\n<meta name=\"twitter:label1\" content=\"\u00c9crit par\" \/>\n\t<meta name=\"twitter:data1\" content=\"gaellecovo\" \/>\n\t<meta name=\"twitter:label2\" content=\"Dur\u00e9e de lecture estim\u00e9e\" \/>\n\t<meta name=\"twitter:data2\" content=\"1 minute\" \/>\n<script type=\"application\/ld+json\" class=\"yoast-schema-graph\">{\"@context\":\"https:\/\/schema.org\",\"@graph\":[{\"@type\":\"Article\",\"@id\":\"https:\/\/atelier-responsif.fr\/index.php\/2022\/04\/08\/site-internet-ys-energies-marines-developpement-economie-bleue\/#article\",\"isPartOf\":{\"@id\":\"https:\/\/atelier-responsif.fr\/index.php\/2022\/04\/08\/site-internet-ys-energies-marines-developpement-economie-bleue\/\"},\"author\":{\"name\":\"gaellecovo\",\"@id\":\"https:\/\/atelier-responsif.fr\/#\/schema\/person\/9fa595b3f14360619a9663dd2d14f264\"},\"headline\":\"L&rsquo;Atelier Responsif r\u00e9alise le site internet de l&rsquo;entreprise YS \u00c9nergies Marines D\u00e9veloppement, qui \u0153uvre pour le d\u00e9veloppement des \u00e9nergies bleues issues de la force des vagues et des courants.\",\"datePublished\":\"2022-04-08T19:25:00+00:00\",\"dateModified\":\"2023-11-08T20:53:45+00:00\",\"mainEntityOfPage\":{\"@id\":\"https:\/\/atelier-responsif.fr\/index.php\/2022\/04\/08\/site-internet-ys-energies-marines-developpement-economie-bleue\/\"},\"wordCount\":256,\"publisher\":{\"@id\":\"https:\/\/atelier-responsif.fr\/#organization\"},\"articleSection\":[\"Actualit\u00e9\",\"Communication\"],\"inLanguage\":\"fr-FR\"},{\"@type\":\"WebPage\",\"@id\":\"https:\/\/atelier-responsif.fr\/index.php\/2022\/04\/08\/site-internet-ys-energies-marines-developpement-economie-bleue\/\",\"url\":\"https:\/\/atelier-responsif.fr\/index.php\/2022\/04\/08\/site-internet-ys-energies-marines-developpement-economie-bleue\/\",\"name\":\"L'Atelier Responsif r\u00e9alise le site internet de l'entreprise YS \u00c9nergies Marines D\u00e9veloppement, qui \u0153uvre pour le d\u00e9veloppement des \u00e9nergies bleues issues de la force des vagues et des courants. - L&#039;Atelier Responsif\",\"isPartOf\":{\"@id\":\"https:\/\/atelier-responsif.fr\/#website\"},\"datePublished\":\"2022-04-08T19:25:00+00:00\",\"dateModified\":\"2023-11-08T20:53:45+00:00\",\"description\":\"L'Atelier Responsif a r\u00e9alis\u00e9 le site internet bilingue (fran\u00e7ais - anglais) de l'entreprise YS \u00c9nergies Marines D\u00e9veloppement qui \u0153uvre pour le d\u00e9veloppement des \u00e9nergies marines renouvelables, au moyen de technologies hydroliennes et houlomotrices qui exploitent l\u2019\u00e9nergie bleue des vagues et des courants.\",\"breadcrumb\":{\"@id\":\"https:\/\/atelier-responsif.fr\/index.php\/2022\/04\/08\/site-internet-ys-energies-marines-developpement-economie-bleue\/#breadcrumb\"},\"inLanguage\":\"fr-FR\",\"potentialAction\":[{\"@type\":\"ReadAction\",\"target\":[\"https:\/\/atelier-responsif.fr\/index.php\/2022\/04\/08\/site-internet-ys-energies-marines-developpement-economie-bleue\/\"]}]},{\"@type\":\"BreadcrumbList\",\"@id\":\"https:\/\/atelier-responsif.fr\/index.php\/2022\/04\/08\/site-internet-ys-energies-marines-developpement-economie-bleue\/#breadcrumb\",\"itemListElement\":[{\"@type\":\"ListItem\",\"position\":1,\"name\":\"Accueil\",\"item\":\"https:\/\/atelier-responsif.fr\/\"},{\"@type\":\"ListItem\",\"position\":2,\"name\":\"L&rsquo;Atelier Responsif r\u00e9alise le site internet de l&rsquo;entreprise YS \u00c9nergies Marines D\u00e9veloppement, qui \u0153uvre pour le d\u00e9veloppement des \u00e9nergies bleues issues de la force des vagues et des courants.\"}]},{\"@type\":\"WebSite\",\"@id\":\"https:\/\/atelier-responsif.fr\/#website\",\"url\":\"https:\/\/atelier-responsif.fr\/\",\"name\":\"L&#039;Atelier Responsif\",\"description\":\"Conseil et Accompagnement au service de vos projets\",\"publisher\":{\"@id\":\"https:\/\/atelier-responsif.fr\/#organization\"},\"potentialAction\":[{\"@type\":\"SearchAction\",\"target\":{\"@type\":\"EntryPoint\",\"urlTemplate\":\"https:\/\/atelier-responsif.fr\/?s={search_term_string}\"},\"query-input\":\"required name=search_term_string\"}],\"inLanguage\":\"fr-FR\"},{\"@type\":\"Organization\",\"@id\":\"https:\/\/atelier-responsif.fr\/#organization\",\"name\":\"L'Atelier Responsif\",\"url\":\"https:\/\/atelier-responsif.fr\/\",\"logo\":{\"@type\":\"ImageObject\",\"inLanguage\":\"fr-FR\",\"@id\":\"https:\/\/atelier-responsif.fr\/#\/schema\/logo\/image\/\",\"url\":\"https:\/\/atelier-responsif.fr\/wp-content\/uploads\/2022\/09\/Logo-final-AR.png\",\"contentUrl\":\"https:\/\/atelier-responsif.fr\/wp-content\/uploads\/2022\/09\/Logo-final-AR.png\",\"width\":2514,\"height\":3702,\"caption\":\"L'Atelier Responsif\"},\"image\":{\"@id\":\"https:\/\/atelier-responsif.fr\/#\/schema\/logo\/image\/\"},\"sameAs\":[\"https:\/\/twitter.com\/atelieresponsif\"]},{\"@type\":\"Person\",\"@id\":\"https:\/\/atelier-responsif.fr\/#\/schema\/person\/9fa595b3f14360619a9663dd2d14f264\",\"name\":\"gaellecovo\",\"image\":{\"@type\":\"ImageObject\",\"inLanguage\":\"fr-FR\",\"@id\":\"https:\/\/atelier-responsif.fr\/#\/schema\/person\/image\/\",\"url\":\"https:\/\/secure.gravatar.com\/avatar\/e37cb47de9951544fa95659792d363fb0e96f199bef8111d2922a4da4fd594c6?s=96&r=g\",\"contentUrl\":\"https:\/\/secure.gravatar.com\/avatar\/e37cb47de9951544fa95659792d363fb0e96f199bef8111d2922a4da4fd594c6?s=96&r=g\",\"caption\":\"gaellecovo\"},\"sameAs\":[\"https:\/\/atelier-responsif.fr\"],\"url\":\"https:\/\/atelier-responsif.fr\/index.php\/author\/gcovo\/\"}]}<\/script>\n<!-- \/ Yoast SEO plugin. -->","yoast_head_json":{"title":"L'Atelier Responsif r\u00e9alise le site internet de l'entreprise YS \u00c9nergies Marines D\u00e9veloppement, qui \u0153uvre pour le d\u00e9veloppement des \u00e9nergies bleues issues de la force des vagues et des courants. - L&#039;Atelier Responsif","description":"L'Atelier Responsif a r\u00e9alis\u00e9 le site internet bilingue (fran\u00e7ais - anglais) de l'entreprise YS \u00c9nergies Marines D\u00e9veloppement qui \u0153uvre pour le d\u00e9veloppement des \u00e9nergies marines renouvelables, au moyen de technologies hydroliennes et houlomotrices qui exploitent l\u2019\u00e9nergie bleue des vagues et des courants.","robots":{"index":"index","follow":"follow","max-snippet":"max-snippet:-1","max-image-preview":"max-image-preview:large","max-video-preview":"max-video-preview:-1"},"canonical":"https:\/\/atelier-responsif.fr\/index.php\/2022\/04\/08\/site-internet-ys-energies-marines-developpement-economie-bleue\/","og_locale":"fr_FR","og_type":"article","og_title":"L'Atelier Responsif r\u00e9alise le site internet de l'entreprise YS \u00c9nergies Marines D\u00e9veloppement, qui \u0153uvre pour le d\u00e9veloppement des \u00e9nergies bleues issues de la force des vagues et des courants. - L&#039;Atelier Responsif","og_description":"L'Atelier Responsif a r\u00e9alis\u00e9 le site internet bilingue (fran\u00e7ais - anglais) de l'entreprise YS \u00c9nergies Marines D\u00e9veloppement qui \u0153uvre pour le d\u00e9veloppement des \u00e9nergies marines renouvelables, au moyen de technologies hydroliennes et houlomotrices qui exploitent l\u2019\u00e9nergie bleue des vagues et des courants.","og_url":"https:\/\/atelier-responsif.fr\/index.php\/2022\/04\/08\/site-internet-ys-energies-marines-developpement-economie-bleue\/","og_site_name":"L&#039;Atelier Responsif","article_published_time":"2022-04-08T19:25:00+00:00","article_modified_time":"2023-11-08T20:53:45+00:00","og_image":[{"width":2380,"height":2000,"url":"https:\/\/atelier-responsif.fr\/wp-content\/uploads\/2023\/11\/Mockup-site-YS.png","type":"image\/png"}],"author":"gaellecovo","twitter_card":"summary_large_image","twitter_creator":"@atelieresponsif","twitter_site":"@atelieresponsif","twitter_misc":{"\u00c9crit par":"gaellecovo","Dur\u00e9e de lecture estim\u00e9e":"1 minute"},"schema":{"@context":"https:\/\/schema.org","@graph":[{"@type":"Article","@id":"https:\/\/atelier-responsif.fr\/index.php\/2022\/04\/08\/site-internet-ys-energies-marines-developpement-economie-bleue\/#article","isPartOf":{"@id":"https:\/\/atelier-responsif.fr\/index.php\/2022\/04\/08\/site-internet-ys-energies-marines-developpement-economie-bleue\/"},"author":{"name":"gaellecovo","@id":"https:\/\/atelier-responsif.fr\/#\/schema\/person\/9fa595b3f14360619a9663dd2d14f264"},"headline":"L&rsquo;Atelier Responsif r\u00e9alise le site internet de l&rsquo;entreprise YS \u00c9nergies Marines D\u00e9veloppement, qui \u0153uvre pour le d\u00e9veloppement des \u00e9nergies bleues issues de la force des vagues et des courants.","datePublished":"2022-04-08T19:25:00+00:00","dateModified":"2023-11-08T20:53:45+00:00","mainEntityOfPage":{"@id":"https:\/\/atelier-responsif.fr\/index.php\/2022\/04\/08\/site-internet-ys-energies-marines-developpement-economie-bleue\/"},"wordCount":256,"publisher":{"@id":"https:\/\/atelier-responsif.fr\/#organization"},"articleSection":["Actualit\u00e9","Communication"],"inLanguage":"fr-FR"},{"@type":"WebPage","@id":"https:\/\/atelier-responsif.fr\/index.php\/2022\/04\/08\/site-internet-ys-energies-marines-developpement-economie-bleue\/","url":"https:\/\/atelier-responsif.fr\/index.php\/2022\/04\/08\/site-internet-ys-energies-marines-developpement-economie-bleue\/","name":"L'Atelier Responsif r\u00e9alise le site internet de l'entreprise YS \u00c9nergies Marines D\u00e9veloppement, qui \u0153uvre pour le d\u00e9veloppement des \u00e9nergies bleues issues de la force des vagues et des courants. - L&#039;Atelier Responsif","isPartOf":{"@id":"https:\/\/atelier-responsif.fr\/#website"},"datePublished":"2022-04-08T19:25:00+00:00","dateModified":"2023-11-08T20:53:45+00:00","description":"L'Atelier Responsif a r\u00e9alis\u00e9 le site internet bilingue (fran\u00e7ais - anglais) de l'entreprise YS \u00c9nergies Marines D\u00e9veloppement qui \u0153uvre pour le d\u00e9veloppement des \u00e9nergies marines renouvelables, au moyen de technologies hydroliennes et houlomotrices qui exploitent l\u2019\u00e9nergie bleue des vagues et des courants.","breadcrumb":{"@id":"https:\/\/atelier-responsif.fr\/index.php\/2022\/04\/08\/site-internet-ys-energies-marines-developpement-economie-bleue\/#breadcrumb"},"inLanguage":"fr-FR","potentialAction":[{"@type":"ReadAction","target":["https:\/\/atelier-responsif.fr\/index.php\/2022\/04\/08\/site-internet-ys-energies-marines-developpement-economie-bleue\/"]}]},{"@type":"BreadcrumbList","@id":"https:\/\/atelier-responsif.fr\/index.php\/2022\/04\/08\/site-internet-ys-energies-marines-developpement-economie-bleue\/#breadcrumb","itemListElement":[{"@type":"ListItem","position":1,"name":"Accueil","item":"https:\/\/atelier-responsif.fr\/"},{"@type":"ListItem","position":2,"name":"L&rsquo;Atelier Responsif r\u00e9alise le site internet de l&rsquo;entreprise YS \u00c9nergies Marines D\u00e9veloppement, qui \u0153uvre pour le d\u00e9veloppement des \u00e9nergies bleues issues de la force des vagues et des courants."}]},{"@type":"WebSite","@id":"https:\/\/atelier-responsif.fr\/#website","url":"https:\/\/atelier-responsif.fr\/","name":"L&#039;Atelier Responsif","description":"Conseil et Accompagnement au service de vos projets","publisher":{"@id":"https:\/\/atelier-responsif.fr\/#organization"},"potentialAction":[{"@type":"SearchAction","target":{"@type":"EntryPoint","urlTemplate":"https:\/\/atelier-responsif.fr\/?s={search_term_string}"},"query-input":"required name=search_term_string"}],"inLanguage":"fr-FR"},{"@type":"Organization","@id":"https:\/\/atelier-responsif.fr\/#organization","name":"L'Atelier Responsif","url":"https:\/\/atelier-responsif.fr\/","logo":{"@type":"ImageObject","inLanguage":"fr-FR","@id":"https:\/\/atelier-responsif.fr\/#\/schema\/logo\/image\/","url":"https:\/\/atelier-responsif.fr\/wp-content\/uploads\/2022\/09\/Logo-final-AR.png","contentUrl":"https:\/\/atelier-responsif.fr\/wp-content\/uploads\/2022\/09\/Logo-final-AR.png","width":2514,"height":3702,"caption":"L'Atelier Responsif"},"image":{"@id":"https:\/\/atelier-responsif.fr\/#\/schema\/logo\/image\/"},"sameAs":["https:\/\/twitter.com\/atelieresponsif"]},{"@type":"Person","@id":"https:\/\/atelier-responsif.fr\/#\/schema\/person\/9fa595b3f14360619a9663dd2d14f264","name":"gaellecovo","image":{"@type":"ImageObject","inLanguage":"fr-FR","@id":"https:\/\/atelier-responsif.fr\/#\/schema\/person\/image\/","url":"https:\/\/secure.gravatar.com\/avatar\/e37cb47de9951544fa95659792d363fb0e96f199bef8111d2922a4da4fd594c6?s=96&r=g","contentUrl":"https:\/\/secure.gravatar.com\/avatar\/e37cb47de9951544fa95659792d363fb0e96f199bef8111d2922a4da4fd594c6?s=96&r=g","caption":"gaellecovo"},"sameAs":["https:\/\/atelier-responsif.fr"],"url":"https:\/\/atelier-responsif.fr\/index.php\/author\/gcovo\/"}]}},"_links":{"self":[{"href":"https:\/\/atelier-responsif.fr\/index.php\/wp-json\/wp\/v2\/posts\/1675","targetHints":{"allow":["GET"]}}],"collection":[{"href":"https:\/\/atelier-responsif.fr\/index.php\/wp-json\/wp\/v2\/posts"}],"about":[{"href":"https:\/\/atelier-responsif.fr\/index.php\/wp-json\/wp\/v2\/types\/post"}],"author":[{"embeddable":true,"href":"https:\/\/atelier-responsif.fr\/index.php\/wp-json\/wp\/v2\/users\/1"}],"replies":[{"embeddable":true,"href":"https:\/\/atelier-responsif.fr\/index.php\/wp-json\/wp\/v2\/comments?post=1675"}],"version-history":[{"count":9,"href":"https:\/\/atelier-responsif.fr\/index.php\/wp-json\/wp\/v2\/posts\/1675\/revisions"}],"predecessor-version":[{"id":1690,"href":"https:\/\/atelier-responsif.fr\/index.php\/wp-json\/wp\/v2\/posts\/1675\/revisions\/1690"}],"wp:featuredmedia":[{"embeddable":true,"href":"https:\/\/atelier-responsif.fr\/index.php\/wp-json\/wp\/v2\/media\/1678"}],"wp:attachment":[{"href":"https:\/\/atelier-responsif.fr\/index.php\/wp-json\/wp\/v2\/media?parent=1675"}],"wp:term":[{"taxonomy":"category","embeddable":true,"href":"https:\/\/atelier-responsif.fr\/index.php\/wp-json\/wp\/v2\/categories?post=1675"},{"taxonomy":"post_tag","embeddable":true,"href":"https:\/\/atelier-responsif.fr\/index.php\/wp-json\/wp\/v2\/tags?post=1675"}],"curies":[{"name":"wp","href":"https:\/\/api.w.org\/{rel}","templated":true}]}}